{"id":681,"date":"2022-06-10T08:06:00","date_gmt":"2022-06-10T08:06:00","guid":{"rendered":"https:\/\/xnspy.com\/blog\/de\/?p=681"},"modified":"2022-07-28T14:04:34","modified_gmt":"2022-07-28T14:04:34","slug":"die-frage-die-niemand-mehr-uber-kinder-und-soziale-medien-stellt","status":"publish","type":"post","link":"https:\/\/xnspy.com\/blog\/de\/die-frage-die-niemand-mehr-uber-kinder-und-soziale-medien-stellt.html","title":{"rendered":"Die Frage, die niemand mehr \u00fcber Kinder und soziale Medien stellt"},"content":{"rendered":"\n<p>Ob Teenager in den sozialen Medien unterwegs sind, ist eine Frage, die so alt ist wie die sozialen Medien selbst. Zahlreiche Studien haben die negativen und positiven Aspekte dieser Debatte oft genug diskutiert, um die Library of Congress zehnfach zu f\u00fcllen.<\/p>\n\n\n\n<p>Diese Frage r\u00fcckte dank der&nbsp;<a href=\"https:\/\/xnspy.com\/blog\/how-facebooks-latest-ordeal-is-much-worse-than-you-might-expect.html\">gewaltigen Enth\u00fcllungen von Frances Haugen \u00fcber die internen Abl\u00e4ufe von Facebook<\/a>&nbsp;erneut ins Rampenlicht. Laut einer Facebook-Studie gaben laut Haugen 13,5 Prozent der jungen M\u00e4dchen im Vereinigten K\u00f6nigreich an, dass ihre Suizidgedanken zunahmen, nachdem sie mit der Nutzung von Instagram begonnen hatten.<\/p>\n\n\n\n<p>Laut einer anderen durchgesickerten Umfrage sagen 17 Prozent der jungen M\u00e4dchen, dass Instagram ihre Essprobleme verschlimmert hat.<\/p>\n\n\n\n<p><br>Laut einer Recherche von Facebook, \u00fcber die erstmals im Journal berichtet wurde, gaben etwa 32 % der jungen M\u00e4dchen an, dass Instagram ihnen ein noch schlechteres K\u00f6rpergef\u00fchl verschafft, wenn sie sich selbst schlecht f\u00fchlen.<\/p>\n\n\n\n<p>Haugens Entdeckungen zeigten, dass Facebook sich nicht um seine Nutzer k\u00fcmmerte und den Einnahmen h\u00e4ufig Vorrang vor dem Datenschutz einr\u00e4umte.<\/p>\n\n\n\n<h2 class=\"wp-block-heading\">Die Pandemie der Fake News<\/h2>\n\n\n\n<p>Fake News sind zu einer Pandemie geworden, und ihre Quelle sind haupts\u00e4chlich soziale Medien, insbesondere Facebook. Es ist eine Petrischale falscher Behauptungen und unbewiesener Rhetorik. Fake News verbreiten sich wie ein Lauffeuer \u00fcber das Medium und sind nicht mehr aufzuhalten.<\/p>\n\n\n\n<p>Seit 2016 sind soziale Medien die am wenigsten vertrauensw\u00fcrdige Nachrichtenquelle der Welt. Laut einer im Fr\u00fchjahr 2020 durchgef\u00fchrten Umfrage hatten 60 Prozent der 16- bis 24-j\u00e4hrigen Bev\u00f6lkerung Gro\u00dfbritanniens k\u00fcrzlich auf&nbsp;<a href=\"https:\/\/reutersinstitute.politics.ox.ac.uk\/social-media-very-widely-used-use-news-and-information-about-covid-19-declining\">soziale Medien zugegriffen, um sich \u00fcber das Coronavirus zu<\/a>&nbsp;informieren, und 59 Prozent waren auf gef\u00e4lschte Nachrichten zu diesem Thema gesto\u00dfen. \u201eIm Internet glauben 52 Prozent der Amerikaner, dass sie t\u00e4glich auf falsche Nachrichten sto\u00dfen.\u201c<\/p>\n\n\n\n<p>Haugen gibt zu, dass sie ein tiefes Interesse an Facebook gezeigt hat, um sein Image zu \u00e4ndern. Sie wollte eher die Integrit\u00e4t der Social-Media-Site verwalten als ihr Wachstum. Einer von Haugens Freunden war durch all die falsche Propaganda auf Facebook einer Gehirnw\u00e4sche unterzogen worden und wurde zu einem Hardcore-Trump-Anh\u00e4nger.<\/p>\n\n\n\n<p>Es zeigt weiter, wie weit verbreitet Fake News in den sozialen Medien sind und wie sie die Jugend radikalisieren k\u00f6nnen.<\/p>\n\n\n\n<h2 class=\"wp-block-heading\">Cybermobbing und Cyberstalking<\/h2>\n\n\n\n<p>Cybermobbing und Cyberstalking sind zwei Ph\u00e4nomene, die ebenso wie Fake News in den sozialen Medien weit verbreitet sind. Cyberstalking wird definiert als die Nutzung des Internets und anderer Technologien, um eine andere Person online zu bel\u00e4stigen oder zu verfolgen, und ist m\u00f6glicherweise illegal.<\/p>\n\n\n\n<p>Diese Art der Online-Bel\u00e4stigung, die eine Kombination aus Cybermobbing und pers\u00f6nlichem Stalking ist, ist in sozialen Medien und anderen Kommunikationsformen reichlich vorhanden. Es ist h\u00e4ufig systematisch, zielgerichtet und hartn\u00e4ckig.<\/p>\n\n\n\n<p>Selbst wenn der Empf\u00e4nger seinen Ekel ausdr\u00fcckt oder den T\u00e4ter bittet aufzuh\u00f6ren, enden die meisten Gespr\u00e4che nicht. Die an das Ziel gerichteten Informationen sind h\u00e4ufig ungeeignet und in manchen F\u00e4llen verst\u00f6rend, was die Person \u00e4ngstlich, verzweifelt, \u00e4ngstlich und besorgt zur\u00fcckl\u00e4sst.<\/p>\n\n\n\n<p>Es ist etwas, wovor alle Eltern Angst haben, aber nur sehr wenige Jugendliche diskutieren solche Themen. Eltern brauchen einen proaktiven Ansatz, um mit diesem Problem umzugehen, auf das ich sp\u00e4ter noch eingehen werde.<\/p>\n\n\n\n<h2 class=\"wp-block-heading\">Soziale Medien, psychische Gesundheit und Selbstwertgef\u00fchl<\/h2>\n\n\n\n<p>Jugendliche betrachten Social Media nicht als separate Einheit, sondern als Erweiterung ihrer selbst. Aufgrund der anhaltenden Publizit\u00e4t von Photoshopping-Stimuli beginnen Teenager, sich ihnen anzupassen und beginnen, ihre K\u00f6rper zu hassen.<\/p>\n\n\n\n<p>Sie fangen an, hohe Erwartungen an ihre Definition von Sch\u00f6nheit zu haben. Und dieses Verhalten f\u00fchrt dazu, dass sie eine erh\u00f6hte Tendenz haben, sich mit anderen zu vergleichen.<\/p>\n\n\n\n<p>Laut Untersuchungen des Education Policy Institute und The Prince&#8217;s Trust sind alle Kinder in der Grundschule gleich gl\u00fccklich und selbstbewusst.<\/p>\n\n\n\n<p>Es wurde festgestellt, dass sowohl die psychische Gesundheit von Jungen als auch von M\u00e4dchen&nbsp;<a href=\"https:\/\/epi.org.uk\/wp-content\/uploads\/2021\/01\/EPI-PT_Young-people%25E2%2580%2599s-wellbeing_Jan2021.pdf\">im Alter von 14 Jahren leidet<\/a>&nbsp;, aber die psychische Gesundheit von Frauen leidet mehr nach der von Jungen.<\/p>\n\n\n\n<p>Im Alter von 14 Jahren war jede dritte Frau mit ihrem Aussehen unzufrieden, verglichen mit einer von sieben nach der Grundschule. Einer von sechs jungen Menschen hat jetzt eine m\u00f6gliche psychische Erkrankung, gegen\u00fcber einem von neun im Jahr 2017.<\/p>\n\n\n\n<p>Im Alter von 14 Jahren&nbsp;<a href=\"https:\/\/xnspy.com\/blog\/the-impact-of-screen-time-on-children.html\">zeigten Jungen in der untersten Klasse der Grundschule ein geringeres Selbstwertgef\u00fchl<\/a>&nbsp;als ihre Klassenkameraden. Der Umfrage zufolge nahm das Wohlbefinden beider Geschlechter w\u00e4hrend der Adoleszenz ab, wobei Frauen einen st\u00e4rkeren R\u00fcckgang meldeten. M\u00e4dchen f\u00fchlten sich deprimierter und hoffnungsloser; Eine starke Nutzung sozialer Medien wirkt sich jedoch negativ auf die psychische Gesundheit aus, unabh\u00e4ngig vom psychischen Zustand einer Person. Dieses Ergebnis steht also im Einklang mit der internen Studie von Facebook, die von Haugen geleakt wurde.<\/p>\n\n\n\n<p>Eine andere Studie ergab, dass Kinder in der Mittel- und Oberschule, die soziale Medien auf hohem Niveau nutzten, \u00fcber einen Zeitraum von vier Jahren mit vermehrten Depressionen in Verbindung gebracht wurden.<\/p>\n\n\n\n<h2 class=\"wp-block-heading\">Warum gibt es noch Hoffnung?<\/h2>\n\n\n\n<p>Teenager sollten sich nicht von der dunklen Seite der sozialen Medien abbringen lassen. Es gibt zweifellos viele Probleme, die angegangen werden m\u00fcssen, wenn es um soziale Medien geht. Aber es gibt noch Hoffnung. Jugendliche k\u00f6nnen Verantwortung \u00fcbernehmen, wenn es um die Verbreitung von Fake News in sozialen Medien geht.<\/p>\n\n\n\n<p>Niemand sollte jemals etwas, was in sozialen Medien geschrieben oder gesagt wird, f\u00fcr bare M\u00fcnze nehmen. Sie sollten nicht auf den uralten Trick der Clickbait-Schlagzeilen hereinfallen. Jeder sollte recherchieren und nach glaubw\u00fcrdigen Quellen suchen, wenn er etwas online liest.<\/p>\n\n\n\n<p>In Bezug auf Cybermobbing und Online-Stalking gibt es eine einfache, aber effektive L\u00f6sung f\u00fcr dieses R\u00e4tsel. Nein, ich spreche nicht davon, sein Social-Media-Profil zu l\u00f6schen und ein M\u00f6nch zu werden, der in den Bergen lebt. Ich spreche auch nicht davon, dass Eltern ihren Kindern die Handys ganz wegnehmen. Es ist viel subtiler als das. Ich beziehe mich auf Eltern, die einen praktischen Ansatz verfolgen.<\/p>\n\n\n\n<h2 class=\"wp-block-heading\">Eltern brauchen Hilfe beim Eingreifen<\/h2>\n\n\n\n<p>Eltern k\u00f6nnen mit ihren Teenagern \u00fcber sichere und gef\u00e4hrliche Internetaktivit\u00e4ten sowie akzeptables und unangemessenes Verhalten sprechen. Eltern k\u00f6nnen auch auf Anfragen von Teenagern reagieren, indem sie sie beantworten und Ratschl\u00e4ge geben.<\/p>\n\n\n\n<p>Sie k\u00f6nnen auch echte Ma\u00dfnahmen ergreifen, um die Online-Aktivit\u00e4ten ihrer Teenager zu \u00fcberwachen oder zu \u00fcberpr\u00fcfen, z. B. \u00fcberwachen, welche Websites ein Teenager besucht hat, seine Social-Media-Konten anzeigen oder ihn als Freunde hinzuf\u00fcgen.<\/p>\n\n\n\n<p>Das ist leichter gesagt als getan, denn kein Teenager w\u00fcrde freiwillig sein Telefon hergeben und riskieren, seine Handlungen erkl\u00e4ren zu m\u00fcssen. Innovative technische L\u00f6sungen wie Fern\u00fcberwachungs-Apps k\u00f6nnen Eltern dabei helfen, diese H\u00fcrde zu \u00fcberwinden.<\/p>\n\n\n\n<p>Fern\u00fcberwachungs-Apps k\u00f6nnen Websites einschr\u00e4nken, Zeitlimits festlegen und die Online-Aktivit\u00e4ten und -Interaktionen von Teenagern aus der Ferne \u00fcberwachen.<\/p>\n\n\n\n<p>Diese Apps k\u00f6nnen die Internetkonten Ihres Kindes im Auge behalten und lassen es nicht wissen, dass Eltern es \u00fcberwachen.<\/p>\n\n\n\n<p>Einige Jugendliche oder Teenager k\u00f6nnen ein fiktives Zweitkonto erstellen, das ihre Eltern sehen k\u00f6nnen. Da Fern\u00fcberwachungs-Apps alle Social-Media-Aktivit\u00e4ten verfolgen k\u00f6nnen, k\u00f6nnen sie auch dieses Problem l\u00f6sen. Eltern k\u00f6nnen die Aktivit\u00e4ten ihrer Kinder einsehen und sehen, wenn ihr Kind ein gef\u00e4lschtes Konto erstellt hat.<\/p>\n\n\n\n<p>Es ist eine bemerkenswerte L\u00f6sung f\u00fcr Eltern, die nicht viel Freizeit haben oder keine Konfrontation mit ihren Kindern wollen.<\/p>\n\n\n\n<p>Eltern k\u00f6nnen mithilfe dieser Apps eingreifen, um die Zeit zu minimieren, die Teenager in sozialen Medien verbringen, und versuchen, positive Best\u00e4tigungen anzubieten, wodurch sie sich auch um das Problem der psychischen Gesundheit k\u00fcmmern, das mit \u00fcberm\u00e4\u00dfiger Nutzung sozialer Medien verbunden ist.<\/p>\n","protected":false},"excerpt":{"rendered":"<p>Ob Teenager in den sozialen Medien unterwegs sind, ist eine Frage, die so alt ist wie die sozialen Medien selbst. [&hellip;]<\/p>\n","protected":false},"author":2,"featured_media":682,"comment_status":"closed","ping_status":"closed","sticky":false,"template":"","format":"standard","meta":{"site-sidebar-layout":"default","site-content-layout":"","ast-site-content-layout":"default","site-content-style":"default","site-sidebar-style":"default","ast-global-header-display":"","ast-banner-title-visibility":"","ast-main-header-display":"","ast-hfb-above-header-display":"","ast-hfb-below-header-display":"","ast-hfb-mobile-header-display":"","site-post-title":"","ast-breadcrumbs-content":"","ast-featured-img":"","footer-sml-layout":"","theme-transparent-header-meta":"","adv-header-id-meta":"","stick-header-meta":"","header-above-stick-meta":"","header-main-stick-meta":"","header-below-stick-meta":"","astra-migrate-meta-layouts":"default","ast-page-background-enabled":"default","ast-page-background-meta":{"desktop":{"background-color":"var(--ast-global-color-4)","background-image":"","background-repeat":"repeat","background-position":"center center","background-size":"auto","background-attachment":"scroll","background-type":"","background-media":"","overlay-type":"","overlay-color":"","overlay-opacity":"","overlay-gradient":""},"tablet":{"background-color":"","background-image":"","background-repeat":"repeat","background-position":"center center","background-size":"auto","background-attachment":"scroll","background-type":"","background-media":"","overlay-type":"","overlay-color":"","overlay-opacity":"","overlay-gradient":""},"mobile":{"background-color":"","background-image":"","background-repeat":"repeat","background-position":"center center","background-size":"auto","background-attachment":"scroll","background-type":"","background-media":"","overlay-type":"","overlay-color":"","overlay-opacity":"","overlay-gradient":""}},"ast-content-background-meta":{"desktop":{"background-color":"var(--ast-global-color-5)","background-image":"","background-repeat":"repeat","background-position":"center center","background-size":"auto","background-attachment":"scroll","background-type":"","background-media":"","overlay-type":"","overlay-color":"","overlay-opacity":"","overlay-gradient":""},"tablet":{"background-color":"var(--ast-global-color-5)","background-image":"","background-repeat":"repeat","background-position":"center center","background-size":"auto","background-attachment":"scroll","background-type":"","background-media":"","overlay-type":"","overlay-color":"","overlay-opacity":"","overlay-gradient":""},"mobile":{"background-color":"var(--ast-global-color-5)","background-image":"","background-repeat":"repeat","background-position":"center center","background-size":"auto","background-attachment":"scroll","background-type":"","background-media":"","overlay-type":"","overlay-color":"","overlay-opacity":"","overlay-gradient":""}},"footnotes":""},"categories":[4],"tags":[212,210,211,213],"class_list":["post-681","post","type-post","status-publish","format-standard","has-post-thumbnail","hentry","category-social-media","tag-cyber-mobbing-und-cyberstalking","tag-kinder-und-soziale-medien","tag-pandemie-gefalschter-nachrichten","tag-pareing-fur-kinder"],"yoast_head":"<!-- This site is optimized with the Yoast SEO plugin v26.2 - https:\/\/yoast.com\/wordpress\/plugins\/seo\/ -->\n<title>Die Frage, die niemand mehr \u00fcber Kinder und soziale Medien stellt - XNSPY Offizieller deutscher Blog<\/title>\n<meta name=\"robots\" content=\"index, follow, max-snippet:-1, max-image-preview:large, max-video-preview:-1\" \/>\n<link rel=\"canonical\" href=\"https:\/\/xnspy.com\/blog\/de\/die-frage-die-niemand-mehr-uber-kinder-und-soziale-medien-stellt.html\" \/>\n<meta property=\"og:locale\" content=\"de_DE\" \/>\n<meta property=\"og:type\" content=\"article\" \/>\n<meta property=\"og:title\" content=\"Die Frage, die niemand mehr \u00fcber Kinder und soziale Medien stellt - XNSPY Offizieller deutscher Blog\" \/>\n<meta property=\"og:description\" content=\"Ob Teenager in den sozialen Medien unterwegs sind, ist eine Frage, die so alt ist wie die sozialen Medien selbst. [&hellip;]\" \/>\n<meta property=\"og:url\" content=\"https:\/\/xnspy.com\/blog\/de\/die-frage-die-niemand-mehr-uber-kinder-und-soziale-medien-stellt.html\" \/>\n<meta property=\"og:site_name\" content=\"XNSPY Offizieller deutscher Blog\" \/>\n<meta property=\"article:published_time\" content=\"2022-06-10T08:06:00+00:00\" \/>\n<meta property=\"article:modified_time\" content=\"2022-07-28T14:04:34+00:00\" \/>\n<meta property=\"og:image\" content=\"https:\/\/xnspy.com\/blog\/de\/wp-content\/uploads\/sites\/4\/2022\/07\/image-2022-07-27T110315.823.png\" \/>\n\t<meta property=\"og:image:width\" content=\"752\" \/>\n\t<meta property=\"og:image:height\" content=\"440\" \/>\n\t<meta property=\"og:image:type\" content=\"image\/png\" \/>\n<meta name=\"author\" content=\"Jenny Nicole\" \/>\n<meta name=\"twitter:card\" content=\"summary_large_image\" \/>\n<meta name=\"twitter:label1\" content=\"Verfasst von\" \/>\n\t<meta name=\"twitter:data1\" content=\"Jenny Nicole\" \/>\n\t<meta name=\"twitter:label2\" content=\"Gesch\u00e4tzte Lesezeit\" \/>\n\t<meta name=\"twitter:data2\" content=\"6\u00a0Minuten\" \/>\n<script type=\"application\/ld+json\" class=\"yoast-schema-graph\">{\"@context\":\"https:\/\/schema.org\",\"@graph\":[{\"@type\":\"WebPage\",\"@id\":\"https:\/\/xnspy.com\/blog\/de\/die-frage-die-niemand-mehr-uber-kinder-und-soziale-medien-stellt.html\",\"url\":\"https:\/\/xnspy.com\/blog\/de\/die-frage-die-niemand-mehr-uber-kinder-und-soziale-medien-stellt.html\",\"name\":\"Die Frage, die niemand mehr \u00fcber Kinder und soziale Medien stellt - XNSPY Offizieller deutscher Blog\",\"isPartOf\":{\"@id\":\"https:\/\/xnspy.com\/blog\/de\/#website\"},\"primaryImageOfPage\":{\"@id\":\"https:\/\/xnspy.com\/blog\/de\/die-frage-die-niemand-mehr-uber-kinder-und-soziale-medien-stellt.html#primaryimage\"},\"image\":{\"@id\":\"https:\/\/xnspy.com\/blog\/de\/die-frage-die-niemand-mehr-uber-kinder-und-soziale-medien-stellt.html#primaryimage\"},\"thumbnailUrl\":\"https:\/\/xnspy.com\/blog\/de\/wp-content\/uploads\/sites\/4\/2022\/07\/image-2022-07-27T110315.823.png\",\"datePublished\":\"2022-06-10T08:06:00+00:00\",\"dateModified\":\"2022-07-28T14:04:34+00:00\",\"author\":{\"@id\":\"https:\/\/xnspy.com\/blog\/de\/#\/schema\/person\/f4e845622858bcc933967f858e88ef38\"},\"breadcrumb\":{\"@id\":\"https:\/\/xnspy.com\/blog\/de\/die-frage-die-niemand-mehr-uber-kinder-und-soziale-medien-stellt.html#breadcrumb\"},\"inLanguage\":\"de\",\"potentialAction\":[{\"@type\":\"ReadAction\",\"target\":[\"https:\/\/xnspy.com\/blog\/de\/die-frage-die-niemand-mehr-uber-kinder-und-soziale-medien-stellt.html\"]}]},{\"@type\":\"ImageObject\",\"inLanguage\":\"de\",\"@id\":\"https:\/\/xnspy.com\/blog\/de\/die-frage-die-niemand-mehr-uber-kinder-und-soziale-medien-stellt.html#primaryimage\",\"url\":\"https:\/\/xnspy.com\/blog\/de\/wp-content\/uploads\/sites\/4\/2022\/07\/image-2022-07-27T110315.823.png\",\"contentUrl\":\"https:\/\/xnspy.com\/blog\/de\/wp-content\/uploads\/sites\/4\/2022\/07\/image-2022-07-27T110315.823.png\",\"width\":752,\"height\":440,\"caption\":\"Eltern brauchen Hilfe beim Eingreifen\"},{\"@type\":\"BreadcrumbList\",\"@id\":\"https:\/\/xnspy.com\/blog\/de\/die-frage-die-niemand-mehr-uber-kinder-und-soziale-medien-stellt.html#breadcrumb\",\"itemListElement\":[{\"@type\":\"ListItem\",\"position\":1,\"name\":\"Home\",\"item\":\"https:\/\/xnspy.com\/blog\/de\/\"},{\"@type\":\"ListItem\",\"position\":2,\"name\":\"Die Frage, die niemand mehr \u00fcber Kinder und soziale Medien stellt\"}]},{\"@type\":\"WebSite\",\"@id\":\"https:\/\/xnspy.com\/blog\/de\/#website\",\"url\":\"https:\/\/xnspy.com\/blog\/de\/\",\"name\":\"XNSPY Offizieller deutscher Blog\",\"description\":\"\",\"potentialAction\":[{\"@type\":\"SearchAction\",\"target\":{\"@type\":\"EntryPoint\",\"urlTemplate\":\"https:\/\/xnspy.com\/blog\/de\/?s={search_term_string}\"},\"query-input\":{\"@type\":\"PropertyValueSpecification\",\"valueRequired\":true,\"valueName\":\"search_term_string\"}}],\"inLanguage\":\"de\"},{\"@type\":\"Person\",\"@id\":\"https:\/\/xnspy.com\/blog\/de\/#\/schema\/person\/f4e845622858bcc933967f858e88ef38\",\"name\":\"Jenny Nicole\",\"image\":{\"@type\":\"ImageObject\",\"inLanguage\":\"de\",\"@id\":\"https:\/\/xnspy.com\/blog\/de\/#\/schema\/person\/image\/\",\"url\":\"https:\/\/xnspy.com\/blog\/de\/wp-content\/uploads\/sites\/4\/2026\/04\/Jenny-96x96.jpeg\",\"contentUrl\":\"https:\/\/xnspy.com\/blog\/de\/wp-content\/uploads\/sites\/4\/2026\/04\/Jenny-96x96.jpeg\",\"caption\":\"Jenny Nicole\"},\"description\":\"Jenny Nicole is a dedicated content writer and a work-from-home mom who loves sharing her insights on parenting, homeschooling, and family well-being. With a strong passion for helping parents navigate the challenges of modern digital life, she often writes about topics like children\u2019s online safety, cyberbullying, and healthy screen habits. Balancing motherhood and writing, Jenny brings authenticity and warmth to every piece she creates. Through her work, she hopes to empower other parents to make informed choices, build stronger family connections, and create safer online environments for their kids.\",\"sameAs\":[\"https:\/\/jennynicole.carrd.co\/\",\"https:\/\/www.pinterest.com\/jennynicole97\/\",\"https:\/\/myspace.com\/jennynicole97\"],\"url\":\"https:\/\/xnspy.com\/blog\/de\/author\/kido\"}]}<\/script>\n<!-- \/ Yoast SEO plugin. -->","yoast_head_json":{"title":"Die Frage, die niemand mehr \u00fcber Kinder und soziale Medien stellt - XNSPY Offizieller deutscher Blog","robots":{"index":"index","follow":"follow","max-snippet":"max-snippet:-1","max-image-preview":"max-image-preview:large","max-video-preview":"max-video-preview:-1"},"canonical":"https:\/\/xnspy.com\/blog\/de\/die-frage-die-niemand-mehr-uber-kinder-und-soziale-medien-stellt.html","og_locale":"de_DE","og_type":"article","og_title":"Die Frage, die niemand mehr \u00fcber Kinder und soziale Medien stellt - XNSPY Offizieller deutscher Blog","og_description":"Ob Teenager in den sozialen Medien unterwegs sind, ist eine Frage, die so alt ist wie die sozialen Medien selbst. [&hellip;]","og_url":"https:\/\/xnspy.com\/blog\/de\/die-frage-die-niemand-mehr-uber-kinder-und-soziale-medien-stellt.html","og_site_name":"XNSPY Offizieller deutscher Blog","article_published_time":"2022-06-10T08:06:00+00:00","article_modified_time":"2022-07-28T14:04:34+00:00","og_image":[{"width":752,"height":440,"url":"https:\/\/xnspy.com\/blog\/de\/wp-content\/uploads\/sites\/4\/2022\/07\/image-2022-07-27T110315.823.png","type":"image\/png"}],"author":"Jenny Nicole","twitter_card":"summary_large_image","twitter_misc":{"Verfasst von":"Jenny Nicole","Gesch\u00e4tzte Lesezeit":"6\u00a0Minuten"},"schema":{"@context":"https:\/\/schema.org","@graph":[{"@type":"WebPage","@id":"https:\/\/xnspy.com\/blog\/de\/die-frage-die-niemand-mehr-uber-kinder-und-soziale-medien-stellt.html","url":"https:\/\/xnspy.com\/blog\/de\/die-frage-die-niemand-mehr-uber-kinder-und-soziale-medien-stellt.html","name":"Die Frage, die niemand mehr \u00fcber Kinder und soziale Medien stellt - XNSPY Offizieller deutscher Blog","isPartOf":{"@id":"https:\/\/xnspy.com\/blog\/de\/#website"},"primaryImageOfPage":{"@id":"https:\/\/xnspy.com\/blog\/de\/die-frage-die-niemand-mehr-uber-kinder-und-soziale-medien-stellt.html#primaryimage"},"image":{"@id":"https:\/\/xnspy.com\/blog\/de\/die-frage-die-niemand-mehr-uber-kinder-und-soziale-medien-stellt.html#primaryimage"},"thumbnailUrl":"https:\/\/xnspy.com\/blog\/de\/wp-content\/uploads\/sites\/4\/2022\/07\/image-2022-07-27T110315.823.png","datePublished":"2022-06-10T08:06:00+00:00","dateModified":"2022-07-28T14:04:34+00:00","author":{"@id":"https:\/\/xnspy.com\/blog\/de\/#\/schema\/person\/f4e845622858bcc933967f858e88ef38"},"breadcrumb":{"@id":"https:\/\/xnspy.com\/blog\/de\/die-frage-die-niemand-mehr-uber-kinder-und-soziale-medien-stellt.html#breadcrumb"},"inLanguage":"de","potentialAction":[{"@type":"ReadAction","target":["https:\/\/xnspy.com\/blog\/de\/die-frage-die-niemand-mehr-uber-kinder-und-soziale-medien-stellt.html"]}]},{"@type":"ImageObject","inLanguage":"de","@id":"https:\/\/xnspy.com\/blog\/de\/die-frage-die-niemand-mehr-uber-kinder-und-soziale-medien-stellt.html#primaryimage","url":"https:\/\/xnspy.com\/blog\/de\/wp-content\/uploads\/sites\/4\/2022\/07\/image-2022-07-27T110315.823.png","contentUrl":"https:\/\/xnspy.com\/blog\/de\/wp-content\/uploads\/sites\/4\/2022\/07\/image-2022-07-27T110315.823.png","width":752,"height":440,"caption":"Eltern brauchen Hilfe beim Eingreifen"},{"@type":"BreadcrumbList","@id":"https:\/\/xnspy.com\/blog\/de\/die-frage-die-niemand-mehr-uber-kinder-und-soziale-medien-stellt.html#breadcrumb","itemListElement":[{"@type":"ListItem","position":1,"name":"Home","item":"https:\/\/xnspy.com\/blog\/de\/"},{"@type":"ListItem","position":2,"name":"Die Frage, die niemand mehr \u00fcber Kinder und soziale Medien stellt"}]},{"@type":"WebSite","@id":"https:\/\/xnspy.com\/blog\/de\/#website","url":"https:\/\/xnspy.com\/blog\/de\/","name":"XNSPY Offizieller deutscher Blog","description":"","potentialAction":[{"@type":"SearchAction","target":{"@type":"EntryPoint","urlTemplate":"https:\/\/xnspy.com\/blog\/de\/?s={search_term_string}"},"query-input":{"@type":"PropertyValueSpecification","valueRequired":true,"valueName":"search_term_string"}}],"inLanguage":"de"},{"@type":"Person","@id":"https:\/\/xnspy.com\/blog\/de\/#\/schema\/person\/f4e845622858bcc933967f858e88ef38","name":"Jenny Nicole","image":{"@type":"ImageObject","inLanguage":"de","@id":"https:\/\/xnspy.com\/blog\/de\/#\/schema\/person\/image\/","url":"https:\/\/xnspy.com\/blog\/de\/wp-content\/uploads\/sites\/4\/2026\/04\/Jenny-96x96.jpeg","contentUrl":"https:\/\/xnspy.com\/blog\/de\/wp-content\/uploads\/sites\/4\/2026\/04\/Jenny-96x96.jpeg","caption":"Jenny Nicole"},"description":"Jenny Nicole is a dedicated content writer and a work-from-home mom who loves sharing her insights on parenting, homeschooling, and family well-being. With a strong passion for helping parents navigate the challenges of modern digital life, she often writes about topics like children\u2019s online safety, cyberbullying, and healthy screen habits. Balancing motherhood and writing, Jenny brings authenticity and warmth to every piece she creates. Through her work, she hopes to empower other parents to make informed choices, build stronger family connections, and create safer online environments for their kids.","sameAs":["https:\/\/jennynicole.carrd.co\/","https:\/\/www.pinterest.com\/jennynicole97\/","https:\/\/myspace.com\/jennynicole97"],"url":"https:\/\/xnspy.com\/blog\/de\/author\/kido"}]}},"_links":{"self":[{"href":"https:\/\/xnspy.com\/blog\/de\/wp-json\/wp\/v2\/posts\/681","targetHints":{"allow":["GET"]}}],"collection":[{"href":"https:\/\/xnspy.com\/blog\/de\/wp-json\/wp\/v2\/posts"}],"about":[{"href":"https:\/\/xnspy.com\/blog\/de\/wp-json\/wp\/v2\/types\/post"}],"author":[{"embeddable":true,"href":"https:\/\/xnspy.com\/blog\/de\/wp-json\/wp\/v2\/users\/2"}],"replies":[{"embeddable":true,"href":"https:\/\/xnspy.com\/blog\/de\/wp-json\/wp\/v2\/comments?post=681"}],"version-history":[{"count":1,"href":"https:\/\/xnspy.com\/blog\/de\/wp-json\/wp\/v2\/posts\/681\/revisions"}],"predecessor-version":[{"id":683,"href":"https:\/\/xnspy.com\/blog\/de\/wp-json\/wp\/v2\/posts\/681\/revisions\/683"}],"wp:featuredmedia":[{"embeddable":true,"href":"https:\/\/xnspy.com\/blog\/de\/wp-json\/wp\/v2\/media\/682"}],"wp:attachment":[{"href":"https:\/\/xnspy.com\/blog\/de\/wp-json\/wp\/v2\/media?parent=681"}],"wp:term":[{"taxonomy":"category","embeddable":true,"href":"https:\/\/xnspy.com\/blog\/de\/wp-json\/wp\/v2\/categories?post=681"},{"taxonomy":"post_tag","embeddable":true,"href":"https:\/\/xnspy.com\/blog\/de\/wp-json\/wp\/v2\/tags?post=681"}],"curies":[{"name":"wp","href":"https:\/\/api.w.org\/{rel}","templated":true}]}}