{"id":873,"date":"2018-11-16T10:43:32","date_gmt":"2018-11-16T10:43:32","guid":{"rendered":"https:\/\/xnspy.com\/blog\/es\/?p=873"},"modified":"2019-01-16T11:46:03","modified_gmt":"2019-01-16T11:46:03","slug":"facebook-va-a-bloquear-las-cuentas-de-los-usuarios-menores-de-edad","status":"publish","type":"post","link":"https:\/\/xnspy.com\/blog\/es\/facebook-va-a-bloquear-las-cuentas-de-los-usuarios-menores-de-edad.html","title":{"rendered":"Facebook va a bloquear las cuentas de los usuarios menores de edad"},"content":{"rendered":"<p>Recientemente, se ha desvelado que las plataformas m\u00e1s populares de redes sociales, como Facebook e Instagram, han tomado un enfoque m\u00e1s proactivo respecto a los usuarios menores de edad. Ahora, los moderadores bloquear\u00e1n las cuentas de los usuarios de los que sospechen que tienen menos de 13 a\u00f1os.<\/p>\n<p>En lo que se refiere a la anterior normativa de Facebook, solo se responsabilizaba de investigar las cuentas que hab\u00edan sido denunciadas como pertenecientes a menores de edad, pero, seg\u00fan las \u00faltimas declaraciones de Facebook a <a href=\"https:\/\/techcrunch.com\/2018\/07\/19\/facebok-under-13\/\">TechCrunch<\/a>, han realizado algunos cambios a la normativa de sus moderadores que podr\u00edan llevar al bloqueo de las cuentas de los usuarios menores de edad, aunque fueran denunciadas inicialmente por algo diferente, como contenido ofensivo o inapropiado.<\/p>\n<p>El gigante de las redes sociales ha anunciado que va a imponer el requisito de demostrar la edad para recuperar acceso a las cuentas bloqueadas. El problema ha surgido porque a los nuevos usuarios no se les ped\u00eda que demostraran su edad. Esta medida llega justo tras la publicaci\u00f3n de un <u>informe realizado de manera clandestina<\/u> que desvelaba que los preparadores ped\u00edan a los nuevos moderadores que hicieran la vista gorda ante los usuarios menores de edad.<\/p>\n<p>El informe relataba la experiencia de un periodista que trabaj\u00f3 de modo encubierto como moderador de contenidos de Facebook. Los usuarios de Facebook e Instagram tienen que tener al menos 13 a\u00f1os para cumplir con la Ley de Protecci\u00f3n de la Privacidad de los Menores Online. La ley entr\u00f3 en vigor en 1998 para proteger a los menores de 13 a\u00f1os de la recolecci\u00f3n de su informaci\u00f3n personal. Los ni\u00f1os a los que afect\u00f3 COPPA en un principio, tienen ahora entre 20 y 30 a\u00f1os. El informe descubri\u00f3 que, con demasiada frecuencia, las normas han sido ignoradas.<\/p>\n<p>La mayor\u00eda de las p\u00e1ginas de redes sociales y juegos online tambi\u00e9n son de la opini\u00f3n de que los usuarios menores de edad no mienten sobre su edad a la hora de crear sus cuentas. Sin embargo, se descubri\u00f3 que, cuando mienten, se les ha pedido a los moderadores que lo ignoren hasta que alguien lo denuncia o se admite abiertamente. Antes, si se informaba de que la cuenta pertenec\u00eda a un menor de 13 a\u00f1os, los moderadores investigaban la edad del usuario. Ahora, sin embargo, se bloquear\u00e1n esas cuentas si se sospecha que son menores de edad.<\/p>\n<p>Una vez bloqueadas, las cuentas solo pueden ser desbloqueadas cuando los usuarios demuestren que tienen al menos 13 a\u00f1os con alguna forma de identificaci\u00f3n oficial del gobierno de su pa\u00eds. Facebook ha anunciado que va a realizar importantes esfuerzos para disminuir el n\u00famero de usuarios menores de edad. El gigante de las redes ha informado de una redada en las cuentas existentes. Van a escudri\u00f1ar en detalle las cuentas que hayan sido denunciadas o marcadas por distintas razones.<\/p>\n<p>Facebook ha <u>declarado<\/u> que<a href=\"https:\/\/newsroom.fb.com\/news\/2018\/07\/working-to-keep-facebook-safe\/\">,<\/a> \u201cDesde el programa [de Channel 4], hemos trabajado para actualizar las directrices para moderadores con la intenci\u00f3n de frenar la actividad de cualquier cuenta si tienen indicaciones importantes de que se trata de un menor de edad, incluso aunque el informe se iniciara por otra raz\u00f3n.\u201d La normativa no es nueva, pero Facebook ha mostrado su compromiso a la hora de hacer cumplir estas normas. Cabe la posibilidad de que estas noticias pudieran crear problemas para aquellos que acaben siendo falsamente acusados de ser menores de edad. Como no hay otra soluci\u00f3n mejor por el momento, habr\u00e1 que ser tolerantes.<\/p>\n<p>El uso de las redes sociales no es perjudicial, pero, si no se tiene cuidado, no hay filtro en los datos y contenidos a los que su hijo puede acabar accediendo. Aunque Facebook ha dado un buen paso para reducir el acceso a su plataforma a los menores, es su responsabilidad como padres mantenerse vigilante de lo que hacen sus hijos en Internet.<\/p>\n<p>\u00bfSe est\u00e1n registrando para cuentas mintiendo sobre su edad? \u00bfEst\u00e1n dando demasiada informaci\u00f3n personal? Usted siempre deber\u00eda conocer las respuestas a estas preguntas. Es necesario tomar un enfoque cauteloso. Siga observando a sus hijos a intervalos para comprobar que son usuarios responsables de Internet y que solo acceden contenidos apropiados para su edad.<\/p>\n","protected":false},"excerpt":{"rendered":"<p>Recientemente, se ha desvelado que las plataformas m\u00e1s populares de redes sociales, como Facebook e Instagram, han tomado un enfoque [&hellip;]<\/p>\n","protected":false},"author":1,"featured_media":921,"comment_status":"closed","ping_status":"closed","sticky":false,"template":"","format":"standard","meta":{"site-sidebar-layout":"default","site-content-layout":"","ast-site-content-layout":"default","site-content-style":"default","site-sidebar-style":"default","ast-global-header-display":"","ast-banner-title-visibility":"","ast-main-header-display":"","ast-hfb-above-header-display":"","ast-hfb-below-header-display":"","ast-hfb-mobile-header-display":"","site-post-title":"","ast-breadcrumbs-content":"","ast-featured-img":"","footer-sml-layout":"","theme-transparent-header-meta":"","adv-header-id-meta":"","stick-header-meta":"","header-above-stick-meta":"","header-main-stick-meta":"","header-below-stick-meta":"","astra-migrate-meta-layouts":"default","ast-page-background-enabled":"default","ast-page-background-meta":{"desktop":{"background-color":"var(--ast-global-color-4)","background-image":"","background-repeat":"repeat","background-position":"center center","background-size":"auto","background-attachment":"scroll","background-type":"","background-media":"","overlay-type":"","overlay-color":"","overlay-opacity":"","overlay-gradient":""},"tablet":{"background-color":"","background-image":"","background-repeat":"repeat","background-position":"center center","background-size":"auto","background-attachment":"scroll","background-type":"","background-media":"","overlay-type":"","overlay-color":"","overlay-opacity":"","overlay-gradient":""},"mobile":{"background-color":"","background-image":"","background-repeat":"repeat","background-position":"center center","background-size":"auto","background-attachment":"scroll","background-type":"","background-media":"","overlay-type":"","overlay-color":"","overlay-opacity":"","overlay-gradient":""}},"ast-content-background-meta":{"desktop":{"background-color":"var(--ast-global-color-5)","background-image":"","background-repeat":"repeat","background-position":"center center","background-size":"auto","background-attachment":"scroll","background-type":"","background-media":"","overlay-type":"","overlay-color":"","overlay-opacity":"","overlay-gradient":""},"tablet":{"background-color":"var(--ast-global-color-5)","background-image":"","background-repeat":"repeat","background-position":"center center","background-size":"auto","background-attachment":"scroll","background-type":"","background-media":"","overlay-type":"","overlay-color":"","overlay-opacity":"","overlay-gradient":""},"mobile":{"background-color":"var(--ast-global-color-5)","background-image":"","background-repeat":"repeat","background-position":"center center","background-size":"auto","background-attachment":"scroll","background-type":"","background-media":"","overlay-type":"","overlay-color":"","overlay-opacity":"","overlay-gradient":""}},"footnotes":""},"categories":[171],"tags":[],"class_list":["post-873","post","type-post","status-publish","format-standard","has-post-thumbnail","hentry","category-facebook"],"yoast_head":"<!-- This site is optimized with the Yoast SEO plugin v26.2 - https:\/\/yoast.com\/wordpress\/plugins\/seo\/ -->\n<title>Facebook va a bloquear las cuentas de los usuarios menores de edad - Blog oficial de XNSPY en espa\u00f1ol<\/title>\n<meta name=\"robots\" content=\"index, follow, max-snippet:-1, max-image-preview:large, max-video-preview:-1\" \/>\n<link rel=\"canonical\" href=\"https:\/\/xnspy.com\/blog\/es\/facebook-va-a-bloquear-las-cuentas-de-los-usuarios-menores-de-edad.html\" \/>\n<meta property=\"og:locale\" content=\"es_ES\" \/>\n<meta property=\"og:type\" content=\"article\" \/>\n<meta property=\"og:title\" content=\"Facebook va a bloquear las cuentas de los usuarios menores de edad - Blog oficial de XNSPY en espa\u00f1ol\" \/>\n<meta property=\"og:description\" content=\"Recientemente, se ha desvelado que las plataformas m\u00e1s populares de redes sociales, como Facebook e Instagram, han tomado un enfoque [&hellip;]\" \/>\n<meta property=\"og:url\" content=\"https:\/\/xnspy.com\/blog\/es\/facebook-va-a-bloquear-las-cuentas-de-los-usuarios-menores-de-edad.html\" \/>\n<meta property=\"og:site_name\" content=\"Blog oficial de XNSPY en espa\u00f1ol\" \/>\n<meta property=\"article:published_time\" content=\"2018-11-16T10:43:32+00:00\" \/>\n<meta property=\"article:modified_time\" content=\"2019-01-16T11:46:03+00:00\" \/>\n<meta property=\"og:image\" content=\"https:\/\/xnspy.com\/blog\/es\/wp-content\/uploads\/sites\/3\/2018\/11\/Facebook-to-Lock-Accounts-of-Underage-Users-752x440.jpg\" \/>\n\t<meta property=\"og:image:width\" content=\"752\" \/>\n\t<meta property=\"og:image:height\" content=\"440\" \/>\n\t<meta property=\"og:image:type\" content=\"image\/jpeg\" \/>\n<meta name=\"author\" content=\"Mike Everett\" \/>\n<meta name=\"twitter:card\" content=\"summary_large_image\" \/>\n<meta name=\"twitter:label1\" content=\"Escrito por\" \/>\n\t<meta name=\"twitter:data1\" content=\"Mike Everett\" \/>\n\t<meta name=\"twitter:label2\" content=\"Tiempo de lectura\" \/>\n\t<meta name=\"twitter:data2\" content=\"4 minutos\" \/>\n<script type=\"application\/ld+json\" class=\"yoast-schema-graph\">{\"@context\":\"https:\/\/schema.org\",\"@graph\":[{\"@type\":\"WebPage\",\"@id\":\"https:\/\/xnspy.com\/blog\/es\/facebook-va-a-bloquear-las-cuentas-de-los-usuarios-menores-de-edad.html\",\"url\":\"https:\/\/xnspy.com\/blog\/es\/facebook-va-a-bloquear-las-cuentas-de-los-usuarios-menores-de-edad.html\",\"name\":\"Facebook va a bloquear las cuentas de los usuarios menores de edad - Blog oficial de XNSPY en espa\u00f1ol\",\"isPartOf\":{\"@id\":\"https:\/\/xnspy.com\/blog\/es\/#website\"},\"primaryImageOfPage\":{\"@id\":\"https:\/\/xnspy.com\/blog\/es\/facebook-va-a-bloquear-las-cuentas-de-los-usuarios-menores-de-edad.html#primaryimage\"},\"image\":{\"@id\":\"https:\/\/xnspy.com\/blog\/es\/facebook-va-a-bloquear-las-cuentas-de-los-usuarios-menores-de-edad.html#primaryimage\"},\"thumbnailUrl\":\"https:\/\/xnspy.com\/blog\/es\/wp-content\/uploads\/sites\/3\/2018\/11\/Facebook-to-Lock-Accounts-of-Underage-Users-752x440.jpg\",\"datePublished\":\"2018-11-16T10:43:32+00:00\",\"dateModified\":\"2019-01-16T11:46:03+00:00\",\"author\":{\"@id\":\"https:\/\/xnspy.com\/blog\/es\/#\/schema\/person\/8aec9c33ba57e1393d1381a181b97c1b\"},\"breadcrumb\":{\"@id\":\"https:\/\/xnspy.com\/blog\/es\/facebook-va-a-bloquear-las-cuentas-de-los-usuarios-menores-de-edad.html#breadcrumb\"},\"inLanguage\":\"es\",\"potentialAction\":[{\"@type\":\"ReadAction\",\"target\":[\"https:\/\/xnspy.com\/blog\/es\/facebook-va-a-bloquear-las-cuentas-de-los-usuarios-menores-de-edad.html\"]}]},{\"@type\":\"ImageObject\",\"inLanguage\":\"es\",\"@id\":\"https:\/\/xnspy.com\/blog\/es\/facebook-va-a-bloquear-las-cuentas-de-los-usuarios-menores-de-edad.html#primaryimage\",\"url\":\"https:\/\/xnspy.com\/blog\/es\/wp-content\/uploads\/sites\/3\/2018\/11\/Facebook-to-Lock-Accounts-of-Underage-Users-752x440.jpg\",\"contentUrl\":\"https:\/\/xnspy.com\/blog\/es\/wp-content\/uploads\/sites\/3\/2018\/11\/Facebook-to-Lock-Accounts-of-Underage-Users-752x440.jpg\",\"width\":752,\"height\":440},{\"@type\":\"BreadcrumbList\",\"@id\":\"https:\/\/xnspy.com\/blog\/es\/facebook-va-a-bloquear-las-cuentas-de-los-usuarios-menores-de-edad.html#breadcrumb\",\"itemListElement\":[{\"@type\":\"ListItem\",\"position\":1,\"name\":\"Home\",\"item\":\"https:\/\/xnspy.com\/blog\/es\/\"},{\"@type\":\"ListItem\",\"position\":2,\"name\":\"Facebook va a bloquear las cuentas de los usuarios menores de edad\"}]},{\"@type\":\"WebSite\",\"@id\":\"https:\/\/xnspy.com\/blog\/es\/#website\",\"url\":\"https:\/\/xnspy.com\/blog\/es\/\",\"name\":\"Blog oficial de XNSPY en espa\u00f1ol\",\"description\":\"\",\"potentialAction\":[{\"@type\":\"SearchAction\",\"target\":{\"@type\":\"EntryPoint\",\"urlTemplate\":\"https:\/\/xnspy.com\/blog\/es\/?s={search_term_string}\"},\"query-input\":{\"@type\":\"PropertyValueSpecification\",\"valueRequired\":true,\"valueName\":\"search_term_string\"}}],\"inLanguage\":\"es\"},{\"@type\":\"Person\",\"@id\":\"https:\/\/xnspy.com\/blog\/es\/#\/schema\/person\/8aec9c33ba57e1393d1381a181b97c1b\",\"name\":\"Mike Everett\",\"image\":{\"@type\":\"ImageObject\",\"inLanguage\":\"es\",\"@id\":\"https:\/\/xnspy.com\/blog\/es\/#\/schema\/person\/image\/\",\"url\":\"https:\/\/xnspy.com\/blog\/es\/wp-content\/uploads\/sites\/3\/2025\/09\/Mike-96x96.jpeg\",\"contentUrl\":\"https:\/\/xnspy.com\/blog\/es\/wp-content\/uploads\/sites\/3\/2025\/09\/Mike-96x96.jpeg\",\"caption\":\"Mike Everett\"},\"description\":\"Mike Everett is a seasoned content writer passionate about exploring the latest technology trends. He dives deep into Android and iPhone apps, offering insightful reviews and detailed discussions. When he\u2019s not writing, Mike enjoys testing new gadgets and sharing practical tech tips with readers.\",\"sameAs\":[\"https:\/\/about.me\/mikeeverett\",\"https:\/\/www.pinterest.com\/mikeeverett44\/\",\"https:\/\/myspace.com\/mike443211\"],\"url\":\"https:\/\/xnspy.com\/blog\/es\/author\/mike\"}]}<\/script>\n<!-- \/ Yoast SEO plugin. -->","yoast_head_json":{"title":"Facebook va a bloquear las cuentas de los usuarios menores de edad - Blog oficial de XNSPY en espa\u00f1ol","robots":{"index":"index","follow":"follow","max-snippet":"max-snippet:-1","max-image-preview":"max-image-preview:large","max-video-preview":"max-video-preview:-1"},"canonical":"https:\/\/xnspy.com\/blog\/es\/facebook-va-a-bloquear-las-cuentas-de-los-usuarios-menores-de-edad.html","og_locale":"es_ES","og_type":"article","og_title":"Facebook va a bloquear las cuentas de los usuarios menores de edad - Blog oficial de XNSPY en espa\u00f1ol","og_description":"Recientemente, se ha desvelado que las plataformas m\u00e1s populares de redes sociales, como Facebook e Instagram, han tomado un enfoque [&hellip;]","og_url":"https:\/\/xnspy.com\/blog\/es\/facebook-va-a-bloquear-las-cuentas-de-los-usuarios-menores-de-edad.html","og_site_name":"Blog oficial de XNSPY en espa\u00f1ol","article_published_time":"2018-11-16T10:43:32+00:00","article_modified_time":"2019-01-16T11:46:03+00:00","og_image":[{"width":752,"height":440,"url":"https:\/\/xnspy.com\/blog\/es\/wp-content\/uploads\/sites\/3\/2018\/11\/Facebook-to-Lock-Accounts-of-Underage-Users-752x440.jpg","type":"image\/jpeg"}],"author":"Mike Everett","twitter_card":"summary_large_image","twitter_misc":{"Escrito por":"Mike Everett","Tiempo de lectura":"4 minutos"},"schema":{"@context":"https:\/\/schema.org","@graph":[{"@type":"WebPage","@id":"https:\/\/xnspy.com\/blog\/es\/facebook-va-a-bloquear-las-cuentas-de-los-usuarios-menores-de-edad.html","url":"https:\/\/xnspy.com\/blog\/es\/facebook-va-a-bloquear-las-cuentas-de-los-usuarios-menores-de-edad.html","name":"Facebook va a bloquear las cuentas de los usuarios menores de edad - Blog oficial de XNSPY en espa\u00f1ol","isPartOf":{"@id":"https:\/\/xnspy.com\/blog\/es\/#website"},"primaryImageOfPage":{"@id":"https:\/\/xnspy.com\/blog\/es\/facebook-va-a-bloquear-las-cuentas-de-los-usuarios-menores-de-edad.html#primaryimage"},"image":{"@id":"https:\/\/xnspy.com\/blog\/es\/facebook-va-a-bloquear-las-cuentas-de-los-usuarios-menores-de-edad.html#primaryimage"},"thumbnailUrl":"https:\/\/xnspy.com\/blog\/es\/wp-content\/uploads\/sites\/3\/2018\/11\/Facebook-to-Lock-Accounts-of-Underage-Users-752x440.jpg","datePublished":"2018-11-16T10:43:32+00:00","dateModified":"2019-01-16T11:46:03+00:00","author":{"@id":"https:\/\/xnspy.com\/blog\/es\/#\/schema\/person\/8aec9c33ba57e1393d1381a181b97c1b"},"breadcrumb":{"@id":"https:\/\/xnspy.com\/blog\/es\/facebook-va-a-bloquear-las-cuentas-de-los-usuarios-menores-de-edad.html#breadcrumb"},"inLanguage":"es","potentialAction":[{"@type":"ReadAction","target":["https:\/\/xnspy.com\/blog\/es\/facebook-va-a-bloquear-las-cuentas-de-los-usuarios-menores-de-edad.html"]}]},{"@type":"ImageObject","inLanguage":"es","@id":"https:\/\/xnspy.com\/blog\/es\/facebook-va-a-bloquear-las-cuentas-de-los-usuarios-menores-de-edad.html#primaryimage","url":"https:\/\/xnspy.com\/blog\/es\/wp-content\/uploads\/sites\/3\/2018\/11\/Facebook-to-Lock-Accounts-of-Underage-Users-752x440.jpg","contentUrl":"https:\/\/xnspy.com\/blog\/es\/wp-content\/uploads\/sites\/3\/2018\/11\/Facebook-to-Lock-Accounts-of-Underage-Users-752x440.jpg","width":752,"height":440},{"@type":"BreadcrumbList","@id":"https:\/\/xnspy.com\/blog\/es\/facebook-va-a-bloquear-las-cuentas-de-los-usuarios-menores-de-edad.html#breadcrumb","itemListElement":[{"@type":"ListItem","position":1,"name":"Home","item":"https:\/\/xnspy.com\/blog\/es\/"},{"@type":"ListItem","position":2,"name":"Facebook va a bloquear las cuentas de los usuarios menores de edad"}]},{"@type":"WebSite","@id":"https:\/\/xnspy.com\/blog\/es\/#website","url":"https:\/\/xnspy.com\/blog\/es\/","name":"Blog oficial de XNSPY en espa\u00f1ol","description":"","potentialAction":[{"@type":"SearchAction","target":{"@type":"EntryPoint","urlTemplate":"https:\/\/xnspy.com\/blog\/es\/?s={search_term_string}"},"query-input":{"@type":"PropertyValueSpecification","valueRequired":true,"valueName":"search_term_string"}}],"inLanguage":"es"},{"@type":"Person","@id":"https:\/\/xnspy.com\/blog\/es\/#\/schema\/person\/8aec9c33ba57e1393d1381a181b97c1b","name":"Mike Everett","image":{"@type":"ImageObject","inLanguage":"es","@id":"https:\/\/xnspy.com\/blog\/es\/#\/schema\/person\/image\/","url":"https:\/\/xnspy.com\/blog\/es\/wp-content\/uploads\/sites\/3\/2025\/09\/Mike-96x96.jpeg","contentUrl":"https:\/\/xnspy.com\/blog\/es\/wp-content\/uploads\/sites\/3\/2025\/09\/Mike-96x96.jpeg","caption":"Mike Everett"},"description":"Mike Everett is a seasoned content writer passionate about exploring the latest technology trends. He dives deep into Android and iPhone apps, offering insightful reviews and detailed discussions. When he\u2019s not writing, Mike enjoys testing new gadgets and sharing practical tech tips with readers.","sameAs":["https:\/\/about.me\/mikeeverett","https:\/\/www.pinterest.com\/mikeeverett44\/","https:\/\/myspace.com\/mike443211"],"url":"https:\/\/xnspy.com\/blog\/es\/author\/mike"}]}},"_links":{"self":[{"href":"https:\/\/xnspy.com\/blog\/es\/wp-json\/wp\/v2\/posts\/873","targetHints":{"allow":["GET"]}}],"collection":[{"href":"https:\/\/xnspy.com\/blog\/es\/wp-json\/wp\/v2\/posts"}],"about":[{"href":"https:\/\/xnspy.com\/blog\/es\/wp-json\/wp\/v2\/types\/post"}],"author":[{"embeddable":true,"href":"https:\/\/xnspy.com\/blog\/es\/wp-json\/wp\/v2\/users\/1"}],"replies":[{"embeddable":true,"href":"https:\/\/xnspy.com\/blog\/es\/wp-json\/wp\/v2\/comments?post=873"}],"version-history":[{"count":1,"href":"https:\/\/xnspy.com\/blog\/es\/wp-json\/wp\/v2\/posts\/873\/revisions"}],"predecessor-version":[{"id":875,"href":"https:\/\/xnspy.com\/blog\/es\/wp-json\/wp\/v2\/posts\/873\/revisions\/875"}],"wp:featuredmedia":[{"embeddable":true,"href":"https:\/\/xnspy.com\/blog\/es\/wp-json\/wp\/v2\/media\/921"}],"wp:attachment":[{"href":"https:\/\/xnspy.com\/blog\/es\/wp-json\/wp\/v2\/media?parent=873"}],"wp:term":[{"taxonomy":"category","embeddable":true,"href":"https:\/\/xnspy.com\/blog\/es\/wp-json\/wp\/v2\/categories?post=873"},{"taxonomy":"post_tag","embeddable":true,"href":"https:\/\/xnspy.com\/blog\/es\/wp-json\/wp\/v2\/tags?post=873"}],"curies":[{"name":"wp","href":"https:\/\/api.w.org\/{rel}","templated":true}]}}