{"id":887,"date":"2018-12-21T11:59:27","date_gmt":"2018-12-21T11:59:27","guid":{"rendered":"https:\/\/xnspy.com\/blog\/es\/?p=887"},"modified":"2019-01-16T12:06:17","modified_gmt":"2019-01-16T12:06:17","slug":"un-estudio-descubre-posible-vinculo-entre-sintomas-del-trastorno-de-deficit-de-la-atencion-en-adolescentes-y-el-tiempo-excesivo-delante-de-la-pantalla","status":"publish","type":"post","link":"https:\/\/xnspy.com\/blog\/es\/un-estudio-descubre-posible-vinculo-entre-sintomas-del-trastorno-de-deficit-de-la-atencion-en-adolescentes-y-el-tiempo-excesivo-delante-de-la-pantalla.html","title":{"rendered":"Un Estudio Descubre Posible V\u00ednculo entre S\u00edntomas del Trastorno de D\u00e9ficit de la Atenci\u00f3n en Adolescentes y el Tiempo Excesivo delante de la Pantalla"},"content":{"rendered":"<p>Seg\u00fan un nuevo estudio publicado en el <a href=\"https:\/\/jamanetwork.com\/journals\/jama\/article-abstract\/2687861\">Journal of the American Medical Association<\/a>, los adolescentes que se pasan mucho tiempo en las redes sociales han mostrado un aumento de los s\u00edntomas del Trastorno de D\u00e9ficit de la Atenci\u00f3n. El estudio monitore\u00f3 a 2600 adolescentes de la escuela secundaria en busca de s\u00edntomas del Trastorno de D\u00e9ficit de la Atenci\u00f3n. Aquellos que utilizaban diversas plataformas de medios digitales m\u00faltiples veces al d\u00eda, eran m\u00e1s susceptibles de informar de s\u00edntomas del trastorno a lo largo de un periodo de dos a\u00f1os en comparaci\u00f3n con sus compa\u00f1eros menos activos digitalmente.<\/p>\n<p>Previamente, los <u>estudios han conectado las redes sociales como Facebook, con los efectos en la salud mental<\/u>, pero no se han determinado las causas. Cabe la posibilidad de que haya gente que est\u00e1 deprimida a la que le resulta dif\u00edcil socializarse e interactuar con gente en la vida real y que, por esa raz\u00f3n, se han lanzado a Internet en busca de consuelo y de interacci\u00f3n online en vez de en el mundo real. \u00bfQu\u00e9 implica eso? Que Internet no es el causante de la depresi\u00f3n, sino el estado mental de cada uno. El estudio descubri\u00f3 que posiblemente los s\u00edntomas del Trastorno de D\u00e9ficit de la Atenci\u00f3n hayan llevado a muchos chicos a buscar satisfacci\u00f3n en las redes sociales. Tambi\u00e9n es posible que, como Internet proporciona a los adolescentes distracciones y entretenimiento constantes, esto les dificulta enfocarse, ser pacientes y controlar sus impulsos. La falta de estas caracter\u00edsticas en la personalidad es un s\u00edntoma del trastorno.<\/p>\n<p>Este estudio parece ser el primero de su clase que se ha tomado la molestia de observar en detalle los medios de comunicaci\u00f3n modernos y el Trastorno de D\u00e9ficit de la Atenci\u00f3n, en un momento en que la gente se distrae f\u00e1cilmente con sus smartphones, ya quieran o no que llamen su atenci\u00f3n. Un profesor de medicina preventiva de la Universidad del Sur de California, <a href=\"https:\/\/ipr.usc.edu\/faculty.php?faculty_id=36\">Adam Leventhal<\/a>, realiz\u00f3 una investigaci\u00f3n con un grupo de alumnos de segundo a\u00f1o de la escuela secundaria de 10 escuelas distintas en el condado de Los Angeles. Se les pidi\u00f3 a m\u00e1s de 2800 estudiantes que rellenaran un cuestionario relativo a los s\u00edntomas del Trastorno de D\u00e9ficit de la Atenci\u00f3n y otro sobre su uso de los medios digitales.<\/p>\n<p>La encuesta ped\u00eda a los alumnos que evaluaran si las siguientes afirmaciones se relacionaban con ellos:<\/p>\n<p><em>\u201cNo escucho cuando me hablan directamente.\u201d<\/em><\/p>\n<p><em>\u201cMe distraigo con facilidad.\u201d<\/em><\/p>\n<p>Adem\u00e1s, los alumnos respondieron a preguntas sobre la frecuencia con la que utilizan los diversos tipos de medios digitales como los mensajes de texto, las redes sociales, las pel\u00edculas o los programas de TV en directo. Para los estudios siguientes, sacaron de la investigaci\u00f3n a aquellos que ten\u00edan s\u00edntomas evidentes del Trastorno de D\u00e9ficit de la Atenci\u00f3n, para as\u00ed descubrir qu\u00e9 es lo que viene primero: el uso de los medios digitales, o los s\u00edntomas del Trastorno de D\u00e9ficit de la Atenci\u00f3n. Los alumnos que no ten\u00edan s\u00edntomas importantes siguieron respondiendo a la encuesta durante un periodo de dos a\u00f1os.<\/p>\n<p>Un dato importante a recordar es que este estudio no dice con seguridad si el uso excesivo de las redes sociales est\u00e1 causando los s\u00edntomas del Trastorno, pero enfatiz\u00f3 que los chicos estaban utilizando estos medios antes de que aparecieran los s\u00edntomas. No es raz\u00f3n para entrar en p\u00e1nico, pero requiere que los padres se sienten a hablar con sus hijos en detalle sobre c\u00f3mo usan y reaccionan a la tecnolog\u00eda. El estudio revel\u00f3 que casi el 81% de los alumnos utilizaba al menos una modalidad de medio digital muchas veces al d\u00eda, como los mensajes de texto y las redes sociales. Las posibilidades de experimentar s\u00edntomas del Trastorno de D\u00e9ficit de la Atenci\u00f3n crec\u00edan cada vez que se a\u00f1ad\u00eda otra plataforma digital a su uso habitual.<\/p>\n<p>Claramente, el estudio cuenta con algunas limitaciones. A nadie le gusta admitir que tiene s\u00edntomas de un Trastorno de D\u00e9ficit de la Atenci\u00f3n. Adem\u00e1s, el estudio no ha llegado a explorar las razones detr\u00e1s de los s\u00edntomas. Las notificaciones del tel\u00e9fono tienden a distraer y dividir la atenci\u00f3n y concentraci\u00f3n de los ni\u00f1os, lo que lleva a complicaciones para desarrollar las capacidades que se requieren para una mejor concentraci\u00f3n, y como resultado, a un aumento de los s\u00edntomas del Trastorno del D\u00e9ficit de Atenci\u00f3n. Contar con las redes sociales y el entretenimiento en la punta de los dedos tambi\u00e9n puede hacer que los chicos busquen satisfacci\u00f3n f\u00e1cil e instant\u00e1nea, lo que les hace impacientes. Entre las dem\u00e1s razones de dicho comportamiento pueden estar los problemas familiares, la pobreza o el estr\u00e9s psicosocial. Combinadas, todas estas cosas contribuyen a los problemas de la atenci\u00f3n.<\/p>\n<p>Como padres, es mejor que mantenga una conversaci\u00f3n a fondo con su hijo sobre su uso de los medios digitales. Adem\u00e1s de eso, siempre puede contar con la soluci\u00f3n de monitoreo del tiempo de pantalla de XNSPY, que le permite controlar a distancia el tiempo que sus hijos se pasan con su pantalla de manera eficaz, implementando as\u00ed las pr\u00e1cticas de control parental adecuadas.<\/p>\n","protected":false},"excerpt":{"rendered":"<p>Seg\u00fan un nuevo estudio publicado en el Journal of the American Medical Association, los adolescentes que se pasan mucho tiempo [&hellip;]<\/p>\n","protected":false},"author":1,"featured_media":934,"comment_status":"closed","ping_status":"closed","sticky":false,"template":"","format":"standard","meta":{"site-sidebar-layout":"default","site-content-layout":"","ast-site-content-layout":"default","site-content-style":"default","site-sidebar-style":"default","ast-global-header-display":"","ast-banner-title-visibility":"","ast-main-header-display":"","ast-hfb-above-header-display":"","ast-hfb-below-header-display":"","ast-hfb-mobile-header-display":"","site-post-title":"","ast-breadcrumbs-content":"","ast-featured-img":"","footer-sml-layout":"","theme-transparent-header-meta":"","adv-header-id-meta":"","stick-header-meta":"","header-above-stick-meta":"","header-main-stick-meta":"","header-below-stick-meta":"","astra-migrate-meta-layouts":"default","ast-page-background-enabled":"default","ast-page-background-meta":{"desktop":{"background-color":"var(--ast-global-color-4)","background-image":"","background-repeat":"repeat","background-position":"center center","background-size":"auto","background-attachment":"scroll","background-type":"","background-media":"","overlay-type":"","overlay-color":"","overlay-opacity":"","overlay-gradient":""},"tablet":{"background-color":"","background-image":"","background-repeat":"repeat","background-position":"center center","background-size":"auto","background-attachment":"scroll","background-type":"","background-media":"","overlay-type":"","overlay-color":"","overlay-opacity":"","overlay-gradient":""},"mobile":{"background-color":"","background-image":"","background-repeat":"repeat","background-position":"center center","background-size":"auto","background-attachment":"scroll","background-type":"","background-media":"","overlay-type":"","overlay-color":"","overlay-opacity":"","overlay-gradient":""}},"ast-content-background-meta":{"desktop":{"background-color":"var(--ast-global-color-5)","background-image":"","background-repeat":"repeat","background-position":"center center","background-size":"auto","background-attachment":"scroll","background-type":"","background-media":"","overlay-type":"","overlay-color":"","overlay-opacity":"","overlay-gradient":""},"tablet":{"background-color":"var(--ast-global-color-5)","background-image":"","background-repeat":"repeat","background-position":"center center","background-size":"auto","background-attachment":"scroll","background-type":"","background-media":"","overlay-type":"","overlay-color":"","overlay-opacity":"","overlay-gradient":""},"mobile":{"background-color":"var(--ast-global-color-5)","background-image":"","background-repeat":"repeat","background-position":"center center","background-size":"auto","background-attachment":"scroll","background-type":"","background-media":"","overlay-type":"","overlay-color":"","overlay-opacity":"","overlay-gradient":""}},"footnotes":""},"categories":[172],"tags":[],"class_list":["post-887","post","type-post","status-publish","format-standard","has-post-thumbnail","hentry","category-technology"],"yoast_head":"<!-- This site is optimized with the Yoast SEO plugin v26.2 - https:\/\/yoast.com\/wordpress\/plugins\/seo\/ -->\n<title>Un Estudio Descubre Posible V\u00ednculo entre S\u00edntomas del Trastorno de D\u00e9ficit de la Atenci\u00f3n en Adolescentes y el Tiempo Excesivo delante de la Pantalla - Blog oficial de XNSPY en espa\u00f1ol<\/title>\n<meta name=\"robots\" content=\"index, follow, max-snippet:-1, max-image-preview:large, max-video-preview:-1\" \/>\n<link rel=\"canonical\" href=\"https:\/\/xnspy.com\/blog\/es\/un-estudio-descubre-posible-vinculo-entre-sintomas-del-trastorno-de-deficit-de-la-atencion-en-adolescentes-y-el-tiempo-excesivo-delante-de-la-pantalla.html\" \/>\n<meta property=\"og:locale\" content=\"es_ES\" \/>\n<meta property=\"og:type\" content=\"article\" \/>\n<meta property=\"og:title\" content=\"Un Estudio Descubre Posible V\u00ednculo entre S\u00edntomas del Trastorno de D\u00e9ficit de la Atenci\u00f3n en Adolescentes y el Tiempo Excesivo delante de la Pantalla - Blog oficial de XNSPY en espa\u00f1ol\" \/>\n<meta property=\"og:description\" content=\"Seg\u00fan un nuevo estudio publicado en el Journal of the American Medical Association, los adolescentes que se pasan mucho tiempo [&hellip;]\" \/>\n<meta property=\"og:url\" content=\"https:\/\/xnspy.com\/blog\/es\/un-estudio-descubre-posible-vinculo-entre-sintomas-del-trastorno-de-deficit-de-la-atencion-en-adolescentes-y-el-tiempo-excesivo-delante-de-la-pantalla.html\" \/>\n<meta property=\"og:site_name\" content=\"Blog oficial de XNSPY en espa\u00f1ol\" \/>\n<meta property=\"article:published_time\" content=\"2018-12-21T11:59:27+00:00\" \/>\n<meta property=\"article:modified_time\" content=\"2019-01-16T12:06:17+00:00\" \/>\n<meta property=\"og:image\" content=\"https:\/\/xnspy.com\/blog\/es\/wp-content\/uploads\/sites\/3\/2018\/12\/Study-Finds-Possible-Link-between-the-Symptoms-of-ADHD-in-Teens-and-Excessive-Screen-Time-752x440.png\" \/>\n\t<meta property=\"og:image:width\" content=\"752\" \/>\n\t<meta property=\"og:image:height\" content=\"440\" \/>\n\t<meta property=\"og:image:type\" content=\"image\/png\" \/>\n<meta name=\"author\" content=\"Mike Everett\" \/>\n<meta name=\"twitter:card\" content=\"summary_large_image\" \/>\n<meta name=\"twitter:label1\" content=\"Escrito por\" \/>\n\t<meta name=\"twitter:data1\" content=\"Mike Everett\" \/>\n\t<meta name=\"twitter:label2\" content=\"Tiempo de lectura\" \/>\n\t<meta name=\"twitter:data2\" content=\"5 minutos\" \/>\n<script type=\"application\/ld+json\" class=\"yoast-schema-graph\">{\"@context\":\"https:\/\/schema.org\",\"@graph\":[{\"@type\":\"WebPage\",\"@id\":\"https:\/\/xnspy.com\/blog\/es\/un-estudio-descubre-posible-vinculo-entre-sintomas-del-trastorno-de-deficit-de-la-atencion-en-adolescentes-y-el-tiempo-excesivo-delante-de-la-pantalla.html\",\"url\":\"https:\/\/xnspy.com\/blog\/es\/un-estudio-descubre-posible-vinculo-entre-sintomas-del-trastorno-de-deficit-de-la-atencion-en-adolescentes-y-el-tiempo-excesivo-delante-de-la-pantalla.html\",\"name\":\"Un Estudio Descubre Posible V\u00ednculo entre S\u00edntomas del Trastorno de D\u00e9ficit de la Atenci\u00f3n en Adolescentes y el Tiempo Excesivo delante de la Pantalla - Blog oficial de XNSPY en espa\u00f1ol\",\"isPartOf\":{\"@id\":\"https:\/\/xnspy.com\/blog\/es\/#website\"},\"primaryImageOfPage\":{\"@id\":\"https:\/\/xnspy.com\/blog\/es\/un-estudio-descubre-posible-vinculo-entre-sintomas-del-trastorno-de-deficit-de-la-atencion-en-adolescentes-y-el-tiempo-excesivo-delante-de-la-pantalla.html#primaryimage\"},\"image\":{\"@id\":\"https:\/\/xnspy.com\/blog\/es\/un-estudio-descubre-posible-vinculo-entre-sintomas-del-trastorno-de-deficit-de-la-atencion-en-adolescentes-y-el-tiempo-excesivo-delante-de-la-pantalla.html#primaryimage\"},\"thumbnailUrl\":\"https:\/\/xnspy.com\/blog\/es\/wp-content\/uploads\/sites\/3\/2018\/12\/Study-Finds-Possible-Link-between-the-Symptoms-of-ADHD-in-Teens-and-Excessive-Screen-Time-752x440.png\",\"datePublished\":\"2018-12-21T11:59:27+00:00\",\"dateModified\":\"2019-01-16T12:06:17+00:00\",\"author\":{\"@id\":\"https:\/\/xnspy.com\/blog\/es\/#\/schema\/person\/8aec9c33ba57e1393d1381a181b97c1b\"},\"breadcrumb\":{\"@id\":\"https:\/\/xnspy.com\/blog\/es\/un-estudio-descubre-posible-vinculo-entre-sintomas-del-trastorno-de-deficit-de-la-atencion-en-adolescentes-y-el-tiempo-excesivo-delante-de-la-pantalla.html#breadcrumb\"},\"inLanguage\":\"es\",\"potentialAction\":[{\"@type\":\"ReadAction\",\"target\":[\"https:\/\/xnspy.com\/blog\/es\/un-estudio-descubre-posible-vinculo-entre-sintomas-del-trastorno-de-deficit-de-la-atencion-en-adolescentes-y-el-tiempo-excesivo-delante-de-la-pantalla.html\"]}]},{\"@type\":\"ImageObject\",\"inLanguage\":\"es\",\"@id\":\"https:\/\/xnspy.com\/blog\/es\/un-estudio-descubre-posible-vinculo-entre-sintomas-del-trastorno-de-deficit-de-la-atencion-en-adolescentes-y-el-tiempo-excesivo-delante-de-la-pantalla.html#primaryimage\",\"url\":\"https:\/\/xnspy.com\/blog\/es\/wp-content\/uploads\/sites\/3\/2018\/12\/Study-Finds-Possible-Link-between-the-Symptoms-of-ADHD-in-Teens-and-Excessive-Screen-Time-752x440.png\",\"contentUrl\":\"https:\/\/xnspy.com\/blog\/es\/wp-content\/uploads\/sites\/3\/2018\/12\/Study-Finds-Possible-Link-between-the-Symptoms-of-ADHD-in-Teens-and-Excessive-Screen-Time-752x440.png\",\"width\":752,\"height\":440},{\"@type\":\"BreadcrumbList\",\"@id\":\"https:\/\/xnspy.com\/blog\/es\/un-estudio-descubre-posible-vinculo-entre-sintomas-del-trastorno-de-deficit-de-la-atencion-en-adolescentes-y-el-tiempo-excesivo-delante-de-la-pantalla.html#breadcrumb\",\"itemListElement\":[{\"@type\":\"ListItem\",\"position\":1,\"name\":\"Home\",\"item\":\"https:\/\/xnspy.com\/blog\/es\/\"},{\"@type\":\"ListItem\",\"position\":2,\"name\":\"Un Estudio Descubre Posible V\u00ednculo entre S\u00edntomas del Trastorno de D\u00e9ficit de la Atenci\u00f3n en Adolescentes y el Tiempo Excesivo delante de la Pantalla\"}]},{\"@type\":\"WebSite\",\"@id\":\"https:\/\/xnspy.com\/blog\/es\/#website\",\"url\":\"https:\/\/xnspy.com\/blog\/es\/\",\"name\":\"Blog oficial de XNSPY en espa\u00f1ol\",\"description\":\"\",\"potentialAction\":[{\"@type\":\"SearchAction\",\"target\":{\"@type\":\"EntryPoint\",\"urlTemplate\":\"https:\/\/xnspy.com\/blog\/es\/?s={search_term_string}\"},\"query-input\":{\"@type\":\"PropertyValueSpecification\",\"valueRequired\":true,\"valueName\":\"search_term_string\"}}],\"inLanguage\":\"es\"},{\"@type\":\"Person\",\"@id\":\"https:\/\/xnspy.com\/blog\/es\/#\/schema\/person\/8aec9c33ba57e1393d1381a181b97c1b\",\"name\":\"Mike Everett\",\"image\":{\"@type\":\"ImageObject\",\"inLanguage\":\"es\",\"@id\":\"https:\/\/xnspy.com\/blog\/es\/#\/schema\/person\/image\/\",\"url\":\"https:\/\/xnspy.com\/blog\/es\/wp-content\/uploads\/sites\/3\/2025\/09\/Mike-96x96.jpeg\",\"contentUrl\":\"https:\/\/xnspy.com\/blog\/es\/wp-content\/uploads\/sites\/3\/2025\/09\/Mike-96x96.jpeg\",\"caption\":\"Mike Everett\"},\"description\":\"Mike Everett is a seasoned content writer passionate about exploring the latest technology trends. He dives deep into Android and iPhone apps, offering insightful reviews and detailed discussions. When he\u2019s not writing, Mike enjoys testing new gadgets and sharing practical tech tips with readers.\",\"sameAs\":[\"https:\/\/about.me\/mikeeverett\",\"https:\/\/www.pinterest.com\/mikeeverett44\/\",\"https:\/\/myspace.com\/mike443211\"],\"url\":\"https:\/\/xnspy.com\/blog\/es\/author\/mike\"}]}<\/script>\n<!-- \/ Yoast SEO plugin. -->","yoast_head_json":{"title":"Un Estudio Descubre Posible V\u00ednculo entre S\u00edntomas del Trastorno de D\u00e9ficit de la Atenci\u00f3n en Adolescentes y el Tiempo Excesivo delante de la Pantalla - Blog oficial de XNSPY en espa\u00f1ol","robots":{"index":"index","follow":"follow","max-snippet":"max-snippet:-1","max-image-preview":"max-image-preview:large","max-video-preview":"max-video-preview:-1"},"canonical":"https:\/\/xnspy.com\/blog\/es\/un-estudio-descubre-posible-vinculo-entre-sintomas-del-trastorno-de-deficit-de-la-atencion-en-adolescentes-y-el-tiempo-excesivo-delante-de-la-pantalla.html","og_locale":"es_ES","og_type":"article","og_title":"Un Estudio Descubre Posible V\u00ednculo entre S\u00edntomas del Trastorno de D\u00e9ficit de la Atenci\u00f3n en Adolescentes y el Tiempo Excesivo delante de la Pantalla - Blog oficial de XNSPY en espa\u00f1ol","og_description":"Seg\u00fan un nuevo estudio publicado en el Journal of the American Medical Association, los adolescentes que se pasan mucho tiempo [&hellip;]","og_url":"https:\/\/xnspy.com\/blog\/es\/un-estudio-descubre-posible-vinculo-entre-sintomas-del-trastorno-de-deficit-de-la-atencion-en-adolescentes-y-el-tiempo-excesivo-delante-de-la-pantalla.html","og_site_name":"Blog oficial de XNSPY en espa\u00f1ol","article_published_time":"2018-12-21T11:59:27+00:00","article_modified_time":"2019-01-16T12:06:17+00:00","og_image":[{"width":752,"height":440,"url":"https:\/\/xnspy.com\/blog\/es\/wp-content\/uploads\/sites\/3\/2018\/12\/Study-Finds-Possible-Link-between-the-Symptoms-of-ADHD-in-Teens-and-Excessive-Screen-Time-752x440.png","type":"image\/png"}],"author":"Mike Everett","twitter_card":"summary_large_image","twitter_misc":{"Escrito por":"Mike Everett","Tiempo de lectura":"5 minutos"},"schema":{"@context":"https:\/\/schema.org","@graph":[{"@type":"WebPage","@id":"https:\/\/xnspy.com\/blog\/es\/un-estudio-descubre-posible-vinculo-entre-sintomas-del-trastorno-de-deficit-de-la-atencion-en-adolescentes-y-el-tiempo-excesivo-delante-de-la-pantalla.html","url":"https:\/\/xnspy.com\/blog\/es\/un-estudio-descubre-posible-vinculo-entre-sintomas-del-trastorno-de-deficit-de-la-atencion-en-adolescentes-y-el-tiempo-excesivo-delante-de-la-pantalla.html","name":"Un Estudio Descubre Posible V\u00ednculo entre S\u00edntomas del Trastorno de D\u00e9ficit de la Atenci\u00f3n en Adolescentes y el Tiempo Excesivo delante de la Pantalla - Blog oficial de XNSPY en espa\u00f1ol","isPartOf":{"@id":"https:\/\/xnspy.com\/blog\/es\/#website"},"primaryImageOfPage":{"@id":"https:\/\/xnspy.com\/blog\/es\/un-estudio-descubre-posible-vinculo-entre-sintomas-del-trastorno-de-deficit-de-la-atencion-en-adolescentes-y-el-tiempo-excesivo-delante-de-la-pantalla.html#primaryimage"},"image":{"@id":"https:\/\/xnspy.com\/blog\/es\/un-estudio-descubre-posible-vinculo-entre-sintomas-del-trastorno-de-deficit-de-la-atencion-en-adolescentes-y-el-tiempo-excesivo-delante-de-la-pantalla.html#primaryimage"},"thumbnailUrl":"https:\/\/xnspy.com\/blog\/es\/wp-content\/uploads\/sites\/3\/2018\/12\/Study-Finds-Possible-Link-between-the-Symptoms-of-ADHD-in-Teens-and-Excessive-Screen-Time-752x440.png","datePublished":"2018-12-21T11:59:27+00:00","dateModified":"2019-01-16T12:06:17+00:00","author":{"@id":"https:\/\/xnspy.com\/blog\/es\/#\/schema\/person\/8aec9c33ba57e1393d1381a181b97c1b"},"breadcrumb":{"@id":"https:\/\/xnspy.com\/blog\/es\/un-estudio-descubre-posible-vinculo-entre-sintomas-del-trastorno-de-deficit-de-la-atencion-en-adolescentes-y-el-tiempo-excesivo-delante-de-la-pantalla.html#breadcrumb"},"inLanguage":"es","potentialAction":[{"@type":"ReadAction","target":["https:\/\/xnspy.com\/blog\/es\/un-estudio-descubre-posible-vinculo-entre-sintomas-del-trastorno-de-deficit-de-la-atencion-en-adolescentes-y-el-tiempo-excesivo-delante-de-la-pantalla.html"]}]},{"@type":"ImageObject","inLanguage":"es","@id":"https:\/\/xnspy.com\/blog\/es\/un-estudio-descubre-posible-vinculo-entre-sintomas-del-trastorno-de-deficit-de-la-atencion-en-adolescentes-y-el-tiempo-excesivo-delante-de-la-pantalla.html#primaryimage","url":"https:\/\/xnspy.com\/blog\/es\/wp-content\/uploads\/sites\/3\/2018\/12\/Study-Finds-Possible-Link-between-the-Symptoms-of-ADHD-in-Teens-and-Excessive-Screen-Time-752x440.png","contentUrl":"https:\/\/xnspy.com\/blog\/es\/wp-content\/uploads\/sites\/3\/2018\/12\/Study-Finds-Possible-Link-between-the-Symptoms-of-ADHD-in-Teens-and-Excessive-Screen-Time-752x440.png","width":752,"height":440},{"@type":"BreadcrumbList","@id":"https:\/\/xnspy.com\/blog\/es\/un-estudio-descubre-posible-vinculo-entre-sintomas-del-trastorno-de-deficit-de-la-atencion-en-adolescentes-y-el-tiempo-excesivo-delante-de-la-pantalla.html#breadcrumb","itemListElement":[{"@type":"ListItem","position":1,"name":"Home","item":"https:\/\/xnspy.com\/blog\/es\/"},{"@type":"ListItem","position":2,"name":"Un Estudio Descubre Posible V\u00ednculo entre S\u00edntomas del Trastorno de D\u00e9ficit de la Atenci\u00f3n en Adolescentes y el Tiempo Excesivo delante de la Pantalla"}]},{"@type":"WebSite","@id":"https:\/\/xnspy.com\/blog\/es\/#website","url":"https:\/\/xnspy.com\/blog\/es\/","name":"Blog oficial de XNSPY en espa\u00f1ol","description":"","potentialAction":[{"@type":"SearchAction","target":{"@type":"EntryPoint","urlTemplate":"https:\/\/xnspy.com\/blog\/es\/?s={search_term_string}"},"query-input":{"@type":"PropertyValueSpecification","valueRequired":true,"valueName":"search_term_string"}}],"inLanguage":"es"},{"@type":"Person","@id":"https:\/\/xnspy.com\/blog\/es\/#\/schema\/person\/8aec9c33ba57e1393d1381a181b97c1b","name":"Mike Everett","image":{"@type":"ImageObject","inLanguage":"es","@id":"https:\/\/xnspy.com\/blog\/es\/#\/schema\/person\/image\/","url":"https:\/\/xnspy.com\/blog\/es\/wp-content\/uploads\/sites\/3\/2025\/09\/Mike-96x96.jpeg","contentUrl":"https:\/\/xnspy.com\/blog\/es\/wp-content\/uploads\/sites\/3\/2025\/09\/Mike-96x96.jpeg","caption":"Mike Everett"},"description":"Mike Everett is a seasoned content writer passionate about exploring the latest technology trends. He dives deep into Android and iPhone apps, offering insightful reviews and detailed discussions. When he\u2019s not writing, Mike enjoys testing new gadgets and sharing practical tech tips with readers.","sameAs":["https:\/\/about.me\/mikeeverett","https:\/\/www.pinterest.com\/mikeeverett44\/","https:\/\/myspace.com\/mike443211"],"url":"https:\/\/xnspy.com\/blog\/es\/author\/mike"}]}},"_links":{"self":[{"href":"https:\/\/xnspy.com\/blog\/es\/wp-json\/wp\/v2\/posts\/887","targetHints":{"allow":["GET"]}}],"collection":[{"href":"https:\/\/xnspy.com\/blog\/es\/wp-json\/wp\/v2\/posts"}],"about":[{"href":"https:\/\/xnspy.com\/blog\/es\/wp-json\/wp\/v2\/types\/post"}],"author":[{"embeddable":true,"href":"https:\/\/xnspy.com\/blog\/es\/wp-json\/wp\/v2\/users\/1"}],"replies":[{"embeddable":true,"href":"https:\/\/xnspy.com\/blog\/es\/wp-json\/wp\/v2\/comments?post=887"}],"version-history":[{"count":1,"href":"https:\/\/xnspy.com\/blog\/es\/wp-json\/wp\/v2\/posts\/887\/revisions"}],"predecessor-version":[{"id":891,"href":"https:\/\/xnspy.com\/blog\/es\/wp-json\/wp\/v2\/posts\/887\/revisions\/891"}],"wp:featuredmedia":[{"embeddable":true,"href":"https:\/\/xnspy.com\/blog\/es\/wp-json\/wp\/v2\/media\/934"}],"wp:attachment":[{"href":"https:\/\/xnspy.com\/blog\/es\/wp-json\/wp\/v2\/media?parent=887"}],"wp:term":[{"taxonomy":"category","embeddable":true,"href":"https:\/\/xnspy.com\/blog\/es\/wp-json\/wp\/v2\/categories?post=887"},{"taxonomy":"post_tag","embeddable":true,"href":"https:\/\/xnspy.com\/blog\/es\/wp-json\/wp\/v2\/tags?post=887"}],"curies":[{"name":"wp","href":"https:\/\/api.w.org\/{rel}","templated":true}]}}